{"id":216509,"date":"2019-03-05T16:35:21","date_gmt":"2019-03-05T15:35:21","guid":{"rendered":"http:\/\/nensel-academy.com.w01b8e35.kasserver.com\/?p=216509"},"modified":"2021-02-17T16:53:02","modified_gmt":"2021-02-17T15:53:02","slug":"216509","status":"publish","type":"post","link":"https:\/\/nensel-academy.com\/en\/216509\/","title":{"rendered":"Die nensel academy in der PAZ!"},"content":{"rendered":"<p>[et_pb_section fb_built=&#8221;1&#8243; custom_padding_last_edited=&#8221;on|desktop&#8221; _builder_version=&#8221;3.22.3&#8243; background_color=&#8221;#d6dfe6&#8243; background_size=&#8221;contain&#8221; background_position=&#8221;top_center&#8221; custom_padding_tablet=&#8221;50px|0|50px|0&#8243; custom_padding_phone=&#8221;&#8221; transparent_background=&#8221;off&#8221; padding_mobile=&#8221;off&#8221; da_is_popup=&#8221;off&#8221; da_exit_intent=&#8221;off&#8221; da_has_close=&#8221;on&#8221; da_alt_close=&#8221;off&#8221; da_dark_close=&#8221;off&#8221; da_not_modal=&#8221;on&#8221; da_is_singular=&#8221;off&#8221; da_with_loader=&#8221;off&#8221; da_has_shadow=&#8221;on&#8221; da_disable_devices=&#8221;off|off|off&#8221;][et_pb_row _builder_version=&#8221;3.25&#8243; background_size=&#8221;initial&#8221; background_position=&#8221;top_left&#8221; background_repeat=&#8221;repeat&#8221; custom_padding=&#8221;|||&#8221;][et_pb_column type=&#8221;4_4&#8243; _builder_version=&#8221;3.25&#8243; custom_padding=&#8221;|||&#8221; custom_padding__hover=&#8221;|||&#8221;][\/et_pb_column][\/et_pb_row][et_pb_row padding_mobile=&#8221;on&#8221; column_padding_mobile=&#8221;on&#8221; admin_label=&#8221;row&#8221; module_class=&#8221; et_pb_row_fullwidth&#8221; _builder_version=&#8221;3.25&#8243; background_size=&#8221;initial&#8221; background_position=&#8221;top_left&#8221; background_repeat=&#8221;repeat&#8221; width=&#8221;89%&#8221; width_tablet=&#8221;80%&#8221; width_phone=&#8221;&#8221; width_last_edited=&#8221;on|desktop&#8221; max_width=&#8221;89%&#8221; max_width_tablet=&#8221;80%&#8221; max_width_phone=&#8221;&#8221; max_width_last_edited=&#8221;on|desktop&#8221; custom_padding=&#8221;0px|||&#8221; make_fullwidth=&#8221;on&#8221; column_structure=&#8221;1_4,1_2,1_4&#8243;][et_pb_column type=&#8221;1_4&#8243; module_class=&#8221;hide&#8221; _builder_version=&#8221;3.25&#8243; custom_padding=&#8221;|||&#8221; custom_padding__hover=&#8221;|||&#8221;][et_pb_text _builder_version=&#8221;3.27.4&#8243; text_font=&#8221;NeoSansW02Regular||||||||&#8221; text_text_color=&#8221;#4c6172&#8243; text_font_size=&#8221;8em&#8221; text_line_height=&#8221;1.1em&#8221; header_font=&#8221;||||||||&#8221; background_size=&#8221;initial&#8221; background_position=&#8221;top_left&#8221; background_repeat=&#8221;repeat&#8221; custom_margin=&#8221;||0px|&#8221; text_font_size_tablet=&#8221;5em&#8221; text_font_size_phone=&#8221;&#8221; text_font_size_last_edited=&#8221;on|phone&#8221; use_border_color=&#8221;off&#8221; border_color=&#8221;#ffffff&#8221; border_style=&#8221;solid&#8221;]05[\/et_pb_text][et_pb_text _builder_version=&#8221;3.27.4&#8243; text_font=&#8221;NeoSansW02Regular||||||||&#8221; text_text_color=&#8221;#4c6172&#8243; text_font_size=&#8221;18&#8243; link_font=&#8221;||||||||&#8221; background_size=&#8221;initial&#8221; background_position=&#8221;top_left&#8221; background_repeat=&#8221;repeat&#8221; custom_margin=&#8221;|||10px&#8221; use_border_color=&#8221;off&#8221; border_color=&#8221;#ffffff&#8221; border_style=&#8221;solid&#8221;]M\u00e4rz, 2019[\/et_pb_text][\/et_pb_column][et_pb_column type=&#8221;1_2&#8243; _builder_version=&#8221;3.25&#8243; custom_padding=&#8221;|||&#8221; custom_padding__hover=&#8221;|||&#8221;][et_pb_text admin_label=&#8221;Titel&#8221; _builder_version=&#8221;3.27.4&#8243; text_font=&#8221;NeoSansW02Regular|||on|||||&#8221; text_text_color=&#8221;#4c6172&#8243; text_font_size=&#8221;32px&#8221; text_line_height=&#8221;1em&#8221; header_font=&#8221;||||||||&#8221; custom_margin=&#8221;20px||20px|&#8221; custom_padding=&#8221;|||&#8221;]Debatte um Goltzplatz: Wird die Tennishalle erweitert?[\/et_pb_text][et_pb_text _builder_version=&#8221;3.27.4&#8243; text_font=&#8221;NeoSansW02Medium||||||||&#8221; text_text_color=&#8221;#4c6172&#8243; text_line_height=&#8221;1.3em&#8221; background_size=&#8221;initial&#8221; background_position=&#8221;top_left&#8221; background_repeat=&#8221;repeat&#8221; max_width=&#8221;620px&#8221; custom_margin=&#8221;|||&#8221; text_font_size_last_edited=&#8221;off|desktop&#8221; use_border_color=&#8221;off&#8221; border_color=&#8221;#ffffff&#8221; border_style=&#8221;solid&#8221;]<span style=\"font-family: NeoSansW02Medium; font-weight: normal;\"><a style=\"color: #4c6172; text-decoration: underline;\" href=\"http:\/\/www.paz-online.de\/Stadt-Peine\/Debatte-um-Goltzplatz-Wird-die-Tennishalle-erweitert?fbclid=IwAR3GWL0nJ85VVlxLu_4zX2mYOneOQyHT6asEjOtD9o0CUqOVQ2c1p0PQblM\" target=\"_blank\" rel=\"noopener noreferrer\">www.paz-online.de<\/a><\/span>[\/et_pb_text][et_pb_text _builder_version=&#8221;3.27.4&#8243; text_font=&#8221;NeoSansW02Medium||||||||&#8221; text_text_color=&#8221;#4c6172&#8243; text_line_height=&#8221;1.3em&#8221; background_size=&#8221;initial&#8221; background_position=&#8221;top_left&#8221; background_repeat=&#8221;repeat&#8221; max_width=&#8221;620px&#8221; custom_padding=&#8221;||20px&#8221; text_font_size_last_edited=&#8221;off|desktop&#8221; use_border_color=&#8221;off&#8221; border_color=&#8221;#ffffff&#8221; border_style=&#8221;solid&#8221;]<\/p>\n<p>Seit Jahren wird \u00fcber die Entwicklung des Goltzplatz-Areals im Nordwesten des Stadtgebietes gestritten, jetzt zeichnet sich eine v\u00f6llig neue L\u00f6sung ab: Die \u201eNensel Tennis Academy\u201c in direkter Nachbarschaft m\u00f6chte eventuell erweitern und daf\u00fcr Teile des Goltzplatzes nutzen. Und auch f\u00fcr den restlichen Bereich gibt es bereits Pl\u00e4ne.<\/p>\n<p>[\/et_pb_text][et_pb_text _builder_version=&#8221;3.27.4&#8243; text_font=&#8221;NeoSansW02Regular||||||||&#8221; text_text_color=&#8221;#4c6172&#8243; text_line_height=&#8221;1.3em&#8221; header_font=&#8221;||||||||&#8221; background_size=&#8221;initial&#8221; background_position=&#8221;top_left&#8221; background_repeat=&#8221;repeat&#8221; max_width=&#8221;620px&#8221; custom_margin=&#8221;-15px|||&#8221; text_font_size_tablet=&#8221;&#8221; text_font_size_phone=&#8221;&#8221; text_font_size_last_edited=&#8221;on|tablet&#8221; use_border_color=&#8221;off&#8221; border_color=&#8221;#ffffff&#8221; border_style=&#8221;solid&#8221; inline_fonts=&#8221;NeoSansW02Medium&#8221;]<\/p>\n<p>[\/et_pb_text][et_pb_image src=&#8221;https:\/\/nensel-academy.com\/wp-content\/uploads\/2019\/03\/Debatte-um-Goltzplatz-Wird-die-Tennishalle-erweitert_big_teaser_article.jpg&#8221; align_tablet=&#8221;center&#8221; align_phone=&#8221;&#8221; align_last_edited=&#8221;on|desktop&#8221; _builder_version=&#8221;3.23&#8243; custom_margin=&#8221;||0px&#8221; animation_style=&#8221;fade&#8221; animation_duration=&#8221;500ms&#8221; use_border_color=&#8221;off&#8221; border_color=&#8221;#ffffff&#8221; border_style=&#8221;solid&#8221; animation=&#8221;fade_in&#8221; sticky=&#8221;on&#8221;][\/et_pb_image][et_pb_text _builder_version=&#8221;3.27.4&#8243; text_font=&#8221;NeoSansW02Regular||on||||||&#8221; text_text_color=&#8221;#4c6172&#8243; text_font_size=&#8221;12px&#8221; text_line_height=&#8221;1.3em&#8221; background_size=&#8221;initial&#8221; background_position=&#8221;top_left&#8221; background_repeat=&#8221;repeat&#8221; max_width=&#8221;620px&#8221; text_font_size_last_edited=&#8221;off|desktop&#8221; use_border_color=&#8221;off&#8221; border_color=&#8221;#ffffff&#8221; border_style=&#8221;solid&#8221;]<\/p>\n<p>K\u00f6nnten sich eine Erweiterung ihrer Anlage am Goltzplatz vorstellen (von links): Norbert Riedel, Stephanie Riedel und Sascha Nensel von der \u201eNensel Academy\u201c. Quelle: Tobias Mull<\/p>\n<p>[\/et_pb_text][et_pb_text _builder_version=&#8221;3.27.4&#8243; text_font=&#8221;NeoSansW02Regular||||||||&#8221; text_text_color=&#8221;#4c6172&#8243; text_line_height=&#8221;1.3em&#8221; background_size=&#8221;initial&#8221; background_position=&#8221;top_left&#8221; background_repeat=&#8221;repeat&#8221; max_width=&#8221;620px&#8221; custom_margin=&#8221;|||&#8221; text_font_size_last_edited=&#8221;off|desktop&#8221; use_border_color=&#8221;off&#8221; border_color=&#8221;#ffffff&#8221; border_style=&#8221;solid&#8221;]<\/p>\n<p>Seit Jahren wird \u00fcber die Entwicklung des Goltzplatz-Areals im Nordwesten des Stadtgebietes gestritten, jetzt zeichnet sich eine v\u00f6llig neue L\u00f6sung ab: Die \u201eNensel Tennis Academy\u201c in direkter Nachbarschaft m\u00f6chte eventuell erweitern und daf\u00fcr Teile des Goltzplatzes nutzen. Und auch f\u00fcr den restlichen Bereich gibt es bereits Pl\u00e4ne.<\/p>\n<p>Von der Schaffung eines Wohngebietes, eines neuen Fu\u00dfballplatzes bis zur Renaturierung reichten die Varianten zur Nutzung des Goltzplatzes. Einig wurde sich die Politik zuletzt nicht, die Entscheidung \u00fcber den betreffenden Bebauungsplan wurde auf unbestimmte Zeit zur\u00fcckgestellt. Doch nun kommt wieder Bewegung in die Sache \u2013 im wahrsten Sinne des Wortes.<\/p>\n<p>\u201eUnsere Tennis-Akademie l\u00e4uft so erfolgreich, dass wir uns eine Erweiterung vorstellen k\u00f6nnten\u201c, sagt die gesch\u00e4ftsf\u00fchrende Gesellschafterin Stephanie Riedel, die zusammen mit Norbert Riedelund dem fr\u00fcheren Weltranglistenspieler und Trainer Sascha Nensel die \u201eNensel Academy\u201c betreibt. \u201eDa wir gerne in Peine bleiben m\u00f6chten, bietet sich nat\u00fcrlich der nahegelegene Goltzplatz an.\u201c<\/p>\n<p>Bis zu drei Hallenpl\u00e4tze k\u00f6nnten entstehen \u2013 auf Teilen des alten \u201eGolle\u201c. Auch weitere Unterk\u00fcnfte f\u00fcr die Jugendspieler sind angedacht. \u201eDie Nachfrage ist gro\u00df, gerade auch aus dem Ausland wie China oder Indien. \u201eMit einer angedachten Erweiterung k\u00f6nnten wir die Akademie auf ein v\u00f6llig neues Level hieven\u201c, so Riedel weiter.<\/p>\n<p>R\u00fcckblick: Im September 2017 wechselte die ehemalige Halle des Peiner-Tennis-Clubs (PTC) an der Sundernstra\u00dfe den Besitzer. Sascha Nensel sowie seine Partner Norbert und Stephanie Riedel kauften das Geb\u00e4ude von der Stadt Peine und gr\u00fcndeten dort die Tennis-Akademie f\u00fcr talentierten Nachwuchs. Und die scheint gut zu laufen.<\/p>\n<p>\u201eWir haben vor vier Jahren mit sechs Spielern angefangen \u2013 jetzt haben wir 21. Peine ist mittlerweile ein echter Begriff in der deutschen Tennislandschaft\u201c, sagt Riedel. Und mit der angedachten Erweiterung solle dieser gefestigt werden.<\/p>\n<p>Aus den Reihen der Politik gibt es bereits erste positive Reaktionen. Die SPD\/Gr\u00fcne-Gruppe unterst\u00fctzt die Pl\u00e4ne der \u201eNensel Academy\u201c und hat auch klare Vorstellungen \u00fcber die Nutzung des \u00fcbrigen Areals \u2013 es soll renaturiert werden.[\/et_pb_text][et_pb_social_media_follow _builder_version=&#8221;3.19.18&#8243; custom_margin=&#8221;|||-20px&#8221; border_radii=&#8221;on|19px|19px|19px|19px&#8221; border_width_all=&#8221;1px&#8221; border_color_all=&#8221;#4c6172&#8243;][et_pb_social_media_follow_network social_network=&#8221;facebook&#8221; url=&#8221;https:\/\/www.facebook.com\/nenselacademy\/posts\/1082877591884310?__xts__%910%93=68.ARDoxaDiaKD6Lp7yQxajMj45sdY3yqMEtjOhyqrEoj8hnv2nWUFNV1YyBk2CnSXzGUVHG0XxWrRwxj4AQs2hGkjI_5bYBztIMfT3cVs3FtQorsFKWeiyqNT8dHlAt_PANgHZ_XdhWmlcSKgqRTaIJh2FzLQBE92Y_wk1-VuOPjfV1rSHkYUZRLUQ4NdBZiH9E6CZmeegAnErSOXVX9-nny8O4HiPZQNCVnoSFupZPFG04Kd2p4JQCfh1T0kbpSqYEDTvVDYNx9QlMRV6M8iJxuKccADgIzuiwQWMpFFJveM_kCNW_lW92xZWegH2Qrte9PAw_w_vjTvzKzdG6GZHv6_exg&#038;__tn__=-R&#8221; _builder_version=&#8221;3.19.18&#8243; background_color=&#8221;#4c6172&#8243; follow_button=&#8221;off&#8221; url_new_window=&#8221;on&#8221;]facebook[\/et_pb_social_media_follow_network][\/et_pb_social_media_follow][\/et_pb_column][et_pb_column type=&#8221;1_4&#8243; _builder_version=&#8221;3.25&#8243; custom_padding=&#8221;|||&#8221; custom_padding__hover=&#8221;|||&#8221;][et_pb_sidebar orientation=&#8221;right&#8221; area=&#8221;sidebar-1&#8243; show_border=&#8221;off&#8221; _builder_version=&#8221;3.0.105&#8243; header_font=&#8221;NeoSansW02Regular|||on|||||&#8221; header_text_color=&#8221;#4c6172&#8243; header_font_size=&#8221;30px&#8221; body_font=&#8221;NeoSansW02Regular||||||||&#8221; body_text_color=&#8221;#4c6172&#8243; body_font_size=&#8221;16px&#8221; body_line_height=&#8221;1em&#8221; background_color=&#8221;rgba(76,97,114,0.1)&#8221; custom_margin=&#8221;|||&#8221; custom_padding=&#8221;25px|25px|25px|25px&#8221; box_shadow_style=&#8221;preset3&#8243; box_shadow_blur=&#8221;8px&#8221; box_shadow_color=&#8221;rgba(0,0,0,0.18)&#8221;][\/et_pb_sidebar][\/et_pb_column][\/et_pb_row][\/et_pb_section][et_pb_section fb_built=&#8221;1&#8243; admin_label=&#8221;FV_ImpressumFooter_Section&#8221; _builder_version=&#8221;3.22.3&#8243; background_color=&#8221;#ffffff&#8221; custom_padding=&#8221;0px|0px|0px|0px&#8221; collapsed=&#8221;on&#8221; da_is_popup=&#8221;off&#8221; da_exit_intent=&#8221;off&#8221; da_has_close=&#8221;on&#8221; da_alt_close=&#8221;off&#8221; da_dark_close=&#8221;off&#8221; da_not_modal=&#8221;on&#8221; da_is_singular=&#8221;off&#8221; da_with_loader=&#8221;off&#8221; da_has_shadow=&#8221;on&#8221; da_disable_devices=&#8221;off|off|off&#8221;][et_pb_row _builder_version=&#8221;3.25&#8243; module_alignment=&#8221;center&#8221; custom_margin=&#8221;|||&#8221; custom_padding=&#8221;17px|0px|10px|0px&#8221;][et_pb_column type=&#8221;4_4&#8243; _builder_version=&#8221;3.25&#8243; custom_padding=&#8221;|||&#8221; custom_padding__hover=&#8221;|||&#8221;][et_pb_text _builder_version=&#8221;3.27.4&#8243; text_font=&#8221;NeoSansW02Regular||||||||&#8221; text_text_color=&#8221;#4c6172&#8243; text_orientation=&#8221;center&#8221; module_alignment=&#8221;center&#8221; custom_css_main_element=&#8221; a:hover{||color:red!important;||}&#8221;]<\/p>\n<p style=\"text-align: center;\">\u00a9 2018 www.sriedel.de | <a style=\"color: #4c6172; text-decoration: underline;\" href=\"..\/impressum\/\">IMPRESSUM<\/a> | <a style=\"color: #4c6172; text-decoration: underline;\" href=\"..\/datenschutz\/\">DATENSCHUTZ<\/a><\/p>\n<p>[\/et_pb_text][\/et_pb_column][\/et_pb_row][\/et_pb_section]<\/p>\n","protected":false},"excerpt":{"rendered":"<p>Goltzplatz: Nensel Academy k\u00f6nnte bald weiter wachsen&#8230;<\/p>\n","protected":false},"author":1,"featured_media":121892523562,"comment_status":"open","ping_status":"open","sticky":false,"template":"","format":"standard","meta":{"_et_pb_use_builder":"on","_et_pb_old_content":"","_et_gb_content_width":"","footnotes":""},"categories":[1],"tags":[],"class_list":["post-216509","post","type-post","status-publish","format-standard","has-post-thumbnail","hentry","category-unkategorisiert"],"yoast_head":"<!-- This site is optimized with the Yoast SEO Premium plugin v27.4 (Yoast SEO v27.4) - https:\/\/yoast.com\/product\/yoast-seo-premium-wordpress\/ -->\n<title>Die nensel academy in der PAZ!<\/title>\n<meta name=\"description\" content=\"Goltzplatz: Nensel Academy k\u00f6nnte bald weiter wachsen...\" \/>\n<meta name=\"robots\" content=\"index, follow, max-snippet:-1, max-image-preview:large, max-video-preview:-1\" \/>\n<link rel=\"canonical\" href=\"https:\/\/nensel-academy.com\/en\/216509\/\" \/>\n<meta property=\"og:locale\" content=\"en_US\" \/>\n<meta property=\"og:type\" content=\"article\" \/>\n<meta property=\"og:title\" content=\"Die nensel academy in der PAZ!\" \/>\n<meta property=\"og:description\" content=\"Goltzplatz: Nensel Academy k\u00f6nnte bald weiter wachsen...\" \/>\n<meta property=\"og:url\" content=\"https:\/\/nensel-academy.com\/en\/216509\/\" \/>\n<meta property=\"og:site_name\" content=\"nensel academy\" \/>\n<meta property=\"article:publisher\" content=\"https:\/\/www.facebook.com\/nenselacademy\" \/>\n<meta property=\"article:author\" content=\"https:\/\/www.facebook.com\" \/>\n<meta property=\"article:published_time\" content=\"2019-03-05T15:35:21+00:00\" \/>\n<meta property=\"article:modified_time\" content=\"2021-02-17T15:53:02+00:00\" \/>\n<meta property=\"og:image\" content=\"https:\/\/nensel-academy.com\/wp-content\/uploads\/2021\/02\/PEZ-05Maerz2019.jpg\" \/>\n\t<meta property=\"og:image:width\" content=\"1600\" \/>\n\t<meta property=\"og:image:height\" content=\"1108\" \/>\n\t<meta property=\"og:image:type\" content=\"image\/jpeg\" \/>\n<meta name=\"author\" content=\"Stephanie Benkendorf\" \/>\n<meta name=\"twitter:card\" content=\"summary_large_image\" \/>\n<meta name=\"twitter:label1\" content=\"Written by\" \/>\n\t<meta name=\"twitter:data1\" content=\"Stephanie Benkendorf\" \/>\n\t<meta name=\"twitter:label2\" content=\"Est. reading time\" \/>\n\t<meta name=\"twitter:data2\" content=\"7 minutes\" \/>\n<script type=\"application\/ld+json\" class=\"yoast-schema-graph\">{\"@context\":\"https:\\\/\\\/schema.org\",\"@graph\":[{\"@type\":\"Article\",\"@id\":\"https:\\\/\\\/nensel-academy.com\\\/en\\\/216509\\\/#article\",\"isPartOf\":{\"@id\":\"https:\\\/\\\/nensel-academy.com\\\/en\\\/216509\\\/\"},\"author\":{\"name\":\"Stephanie Benkendorf\",\"@id\":\"https:\\\/\\\/nensel-academy.com\\\/en\\\/#\\\/schema\\\/person\\\/d073baa1715c8f735e8eccc8c6f4e235\"},\"headline\":\"Die nensel academy in der PAZ!\",\"datePublished\":\"2019-03-05T15:35:21+00:00\",\"dateModified\":\"2021-02-17T15:53:02+00:00\",\"mainEntityOfPage\":{\"@id\":\"https:\\\/\\\/nensel-academy.com\\\/en\\\/216509\\\/\"},\"wordCount\":1457,\"commentCount\":0,\"publisher\":{\"@id\":\"https:\\\/\\\/nensel-academy.com\\\/en\\\/#organization\"},\"image\":{\"@id\":\"https:\\\/\\\/nensel-academy.com\\\/en\\\/216509\\\/#primaryimage\"},\"thumbnailUrl\":\"https:\\\/\\\/nensel-academy.com\\\/wp-content\\\/uploads\\\/2021\\\/02\\\/PEZ-05Maerz2019.jpg\",\"articleSection\":[\"Unkategorisiert\"],\"inLanguage\":\"en-US\",\"potentialAction\":[{\"@type\":\"CommentAction\",\"name\":\"Comment\",\"target\":[\"https:\\\/\\\/nensel-academy.com\\\/en\\\/216509\\\/#respond\"]}]},{\"@type\":\"WebPage\",\"@id\":\"https:\\\/\\\/nensel-academy.com\\\/en\\\/216509\\\/\",\"url\":\"https:\\\/\\\/nensel-academy.com\\\/en\\\/216509\\\/\",\"name\":\"Die nensel academy in der PAZ!\",\"isPartOf\":{\"@id\":\"https:\\\/\\\/nensel-academy.com\\\/en\\\/#website\"},\"primaryImageOfPage\":{\"@id\":\"https:\\\/\\\/nensel-academy.com\\\/en\\\/216509\\\/#primaryimage\"},\"image\":{\"@id\":\"https:\\\/\\\/nensel-academy.com\\\/en\\\/216509\\\/#primaryimage\"},\"thumbnailUrl\":\"https:\\\/\\\/nensel-academy.com\\\/wp-content\\\/uploads\\\/2021\\\/02\\\/PEZ-05Maerz2019.jpg\",\"datePublished\":\"2019-03-05T15:35:21+00:00\",\"dateModified\":\"2021-02-17T15:53:02+00:00\",\"description\":\"Goltzplatz: Nensel Academy k\u00f6nnte bald weiter wachsen...\",\"breadcrumb\":{\"@id\":\"https:\\\/\\\/nensel-academy.com\\\/en\\\/216509\\\/#breadcrumb\"},\"inLanguage\":\"en-US\",\"potentialAction\":[{\"@type\":\"ReadAction\",\"target\":[\"https:\\\/\\\/nensel-academy.com\\\/en\\\/216509\\\/\"]}]},{\"@type\":\"ImageObject\",\"inLanguage\":\"en-US\",\"@id\":\"https:\\\/\\\/nensel-academy.com\\\/en\\\/216509\\\/#primaryimage\",\"url\":\"https:\\\/\\\/nensel-academy.com\\\/wp-content\\\/uploads\\\/2021\\\/02\\\/PEZ-05Maerz2019.jpg\",\"contentUrl\":\"https:\\\/\\\/nensel-academy.com\\\/wp-content\\\/uploads\\\/2021\\\/02\\\/PEZ-05Maerz2019.jpg\",\"width\":1600,\"height\":1108},{\"@type\":\"BreadcrumbList\",\"@id\":\"https:\\\/\\\/nensel-academy.com\\\/en\\\/216509\\\/#breadcrumb\",\"itemListElement\":[{\"@type\":\"ListItem\",\"position\":1,\"name\":\"Startseite\",\"item\":\"https:\\\/\\\/nensel-academy.com\\\/en\\\/\"},{\"@type\":\"ListItem\",\"position\":2,\"name\":\"Die nensel academy in der PAZ!\"}]},{\"@type\":\"WebSite\",\"@id\":\"https:\\\/\\\/nensel-academy.com\\\/en\\\/#website\",\"url\":\"https:\\\/\\\/nensel-academy.com\\\/en\\\/\",\"name\":\"nensel-academy.com\",\"description\":\"Internationale Tennisakademie\",\"publisher\":{\"@id\":\"https:\\\/\\\/nensel-academy.com\\\/en\\\/#organization\"},\"potentialAction\":[{\"@type\":\"SearchAction\",\"target\":{\"@type\":\"EntryPoint\",\"urlTemplate\":\"https:\\\/\\\/nensel-academy.com\\\/en\\\/?s={search_term_string}\"},\"query-input\":{\"@type\":\"PropertyValueSpecification\",\"valueRequired\":true,\"valueName\":\"search_term_string\"}}],\"inLanguage\":\"en-US\"},{\"@type\":\"Organization\",\"@id\":\"https:\\\/\\\/nensel-academy.com\\\/en\\\/#organization\",\"name\":\"nensel academy Nensel-Riedel GbR\",\"alternateName\":\"nensel academy\",\"url\":\"https:\\\/\\\/nensel-academy.com\\\/en\\\/\",\"logo\":{\"@type\":\"ImageObject\",\"inLanguage\":\"en-US\",\"@id\":\"https:\\\/\\\/nensel-academy.com\\\/en\\\/#\\\/schema\\\/logo\\\/image\\\/\",\"url\":\"https:\\\/\\\/nensel-academy.com\\\/wp-content\\\/uploads\\\/2018\\\/06\\\/Website-Icon.jpg\",\"contentUrl\":\"https:\\\/\\\/nensel-academy.com\\\/wp-content\\\/uploads\\\/2018\\\/06\\\/Website-Icon.jpg\",\"width\":512,\"height\":512,\"caption\":\"nensel academy Nensel-Riedel GbR\"},\"image\":{\"@id\":\"https:\\\/\\\/nensel-academy.com\\\/en\\\/#\\\/schema\\\/logo\\\/image\\\/\"},\"sameAs\":[\"https:\\\/\\\/www.facebook.com\\\/nenselacademy\",\"https:\\\/\\\/www.instagram.com\\\/nensel_tennis_academy\\\/\"]},{\"@type\":\"Person\",\"@id\":\"https:\\\/\\\/nensel-academy.com\\\/en\\\/#\\\/schema\\\/person\\\/d073baa1715c8f735e8eccc8c6f4e235\",\"name\":\"Stephanie Benkendorf\",\"sameAs\":[\"https:\\\/\\\/www.facebook.com\",\"https:\\\/\\\/www.instagram.com\"]}]}<\/script>\n<!-- \/ Yoast SEO Premium plugin. -->","yoast_head_json":{"title":"Die nensel academy in der PAZ!","description":"Goltzplatz: Nensel Academy k\u00f6nnte bald weiter wachsen...","robots":{"index":"index","follow":"follow","max-snippet":"max-snippet:-1","max-image-preview":"max-image-preview:large","max-video-preview":"max-video-preview:-1"},"canonical":"https:\/\/nensel-academy.com\/en\/216509\/","og_locale":"en_US","og_type":"article","og_title":"Die nensel academy in der PAZ!","og_description":"Goltzplatz: Nensel Academy k\u00f6nnte bald weiter wachsen...","og_url":"https:\/\/nensel-academy.com\/en\/216509\/","og_site_name":"nensel academy","article_publisher":"https:\/\/www.facebook.com\/nenselacademy","article_author":"https:\/\/www.facebook.com","article_published_time":"2019-03-05T15:35:21+00:00","article_modified_time":"2021-02-17T15:53:02+00:00","og_image":[{"width":1600,"height":1108,"url":"https:\/\/nensel-academy.com\/wp-content\/uploads\/2021\/02\/PEZ-05Maerz2019.jpg","type":"image\/jpeg"}],"author":"Stephanie Benkendorf","twitter_card":"summary_large_image","twitter_misc":{"Written by":"Stephanie Benkendorf","Est. reading time":"7 minutes"},"schema":{"@context":"https:\/\/schema.org","@graph":[{"@type":"Article","@id":"https:\/\/nensel-academy.com\/en\/216509\/#article","isPartOf":{"@id":"https:\/\/nensel-academy.com\/en\/216509\/"},"author":{"name":"Stephanie Benkendorf","@id":"https:\/\/nensel-academy.com\/en\/#\/schema\/person\/d073baa1715c8f735e8eccc8c6f4e235"},"headline":"Die nensel academy in der PAZ!","datePublished":"2019-03-05T15:35:21+00:00","dateModified":"2021-02-17T15:53:02+00:00","mainEntityOfPage":{"@id":"https:\/\/nensel-academy.com\/en\/216509\/"},"wordCount":1457,"commentCount":0,"publisher":{"@id":"https:\/\/nensel-academy.com\/en\/#organization"},"image":{"@id":"https:\/\/nensel-academy.com\/en\/216509\/#primaryimage"},"thumbnailUrl":"https:\/\/nensel-academy.com\/wp-content\/uploads\/2021\/02\/PEZ-05Maerz2019.jpg","articleSection":["Unkategorisiert"],"inLanguage":"en-US","potentialAction":[{"@type":"CommentAction","name":"Comment","target":["https:\/\/nensel-academy.com\/en\/216509\/#respond"]}]},{"@type":"WebPage","@id":"https:\/\/nensel-academy.com\/en\/216509\/","url":"https:\/\/nensel-academy.com\/en\/216509\/","name":"Die nensel academy in der PAZ!","isPartOf":{"@id":"https:\/\/nensel-academy.com\/en\/#website"},"primaryImageOfPage":{"@id":"https:\/\/nensel-academy.com\/en\/216509\/#primaryimage"},"image":{"@id":"https:\/\/nensel-academy.com\/en\/216509\/#primaryimage"},"thumbnailUrl":"https:\/\/nensel-academy.com\/wp-content\/uploads\/2021\/02\/PEZ-05Maerz2019.jpg","datePublished":"2019-03-05T15:35:21+00:00","dateModified":"2021-02-17T15:53:02+00:00","description":"Goltzplatz: Nensel Academy k\u00f6nnte bald weiter wachsen...","breadcrumb":{"@id":"https:\/\/nensel-academy.com\/en\/216509\/#breadcrumb"},"inLanguage":"en-US","potentialAction":[{"@type":"ReadAction","target":["https:\/\/nensel-academy.com\/en\/216509\/"]}]},{"@type":"ImageObject","inLanguage":"en-US","@id":"https:\/\/nensel-academy.com\/en\/216509\/#primaryimage","url":"https:\/\/nensel-academy.com\/wp-content\/uploads\/2021\/02\/PEZ-05Maerz2019.jpg","contentUrl":"https:\/\/nensel-academy.com\/wp-content\/uploads\/2021\/02\/PEZ-05Maerz2019.jpg","width":1600,"height":1108},{"@type":"BreadcrumbList","@id":"https:\/\/nensel-academy.com\/en\/216509\/#breadcrumb","itemListElement":[{"@type":"ListItem","position":1,"name":"Startseite","item":"https:\/\/nensel-academy.com\/en\/"},{"@type":"ListItem","position":2,"name":"Die nensel academy in der PAZ!"}]},{"@type":"WebSite","@id":"https:\/\/nensel-academy.com\/en\/#website","url":"https:\/\/nensel-academy.com\/en\/","name":"nensel-academy.com","description":"Internationale Tennisakademie","publisher":{"@id":"https:\/\/nensel-academy.com\/en\/#organization"},"potentialAction":[{"@type":"SearchAction","target":{"@type":"EntryPoint","urlTemplate":"https:\/\/nensel-academy.com\/en\/?s={search_term_string}"},"query-input":{"@type":"PropertyValueSpecification","valueRequired":true,"valueName":"search_term_string"}}],"inLanguage":"en-US"},{"@type":"Organization","@id":"https:\/\/nensel-academy.com\/en\/#organization","name":"nensel academy Nensel-Riedel GbR","alternateName":"nensel academy","url":"https:\/\/nensel-academy.com\/en\/","logo":{"@type":"ImageObject","inLanguage":"en-US","@id":"https:\/\/nensel-academy.com\/en\/#\/schema\/logo\/image\/","url":"https:\/\/nensel-academy.com\/wp-content\/uploads\/2018\/06\/Website-Icon.jpg","contentUrl":"https:\/\/nensel-academy.com\/wp-content\/uploads\/2018\/06\/Website-Icon.jpg","width":512,"height":512,"caption":"nensel academy Nensel-Riedel GbR"},"image":{"@id":"https:\/\/nensel-academy.com\/en\/#\/schema\/logo\/image\/"},"sameAs":["https:\/\/www.facebook.com\/nenselacademy","https:\/\/www.instagram.com\/nensel_tennis_academy\/"]},{"@type":"Person","@id":"https:\/\/nensel-academy.com\/en\/#\/schema\/person\/d073baa1715c8f735e8eccc8c6f4e235","name":"Stephanie Benkendorf","sameAs":["https:\/\/www.facebook.com","https:\/\/www.instagram.com"]}]}},"_links":{"self":[{"href":"https:\/\/nensel-academy.com\/en\/wp-json\/wp\/v2\/posts\/216509","targetHints":{"allow":["GET"]}}],"collection":[{"href":"https:\/\/nensel-academy.com\/en\/wp-json\/wp\/v2\/posts"}],"about":[{"href":"https:\/\/nensel-academy.com\/en\/wp-json\/wp\/v2\/types\/post"}],"author":[{"embeddable":true,"href":"https:\/\/nensel-academy.com\/en\/wp-json\/wp\/v2\/users\/1"}],"replies":[{"embeddable":true,"href":"https:\/\/nensel-academy.com\/en\/wp-json\/wp\/v2\/comments?post=216509"}],"version-history":[{"count":0,"href":"https:\/\/nensel-academy.com\/en\/wp-json\/wp\/v2\/posts\/216509\/revisions"}],"wp:featuredmedia":[{"embeddable":true,"href":"https:\/\/nensel-academy.com\/en\/wp-json\/wp\/v2\/media\/121892523562"}],"wp:attachment":[{"href":"https:\/\/nensel-academy.com\/en\/wp-json\/wp\/v2\/media?parent=216509"}],"wp:term":[{"taxonomy":"category","embeddable":true,"href":"https:\/\/nensel-academy.com\/en\/wp-json\/wp\/v2\/categories?post=216509"},{"taxonomy":"post_tag","embeddable":true,"href":"https:\/\/nensel-academy.com\/en\/wp-json\/wp\/v2\/tags?post=216509"}],"curies":[{"name":"wp","href":"https:\/\/api.w.org\/{rel}","templated":true}]}}