{"id":215824,"date":"2018-11-11T12:27:17","date_gmt":"2018-11-11T11:27:17","guid":{"rendered":"http:\/\/nensel-academy.com.w01b8e35.kasserver.com\/?p=215824"},"modified":"2020-01-13T19:29:05","modified_gmt":"2020-01-13T18:29:05","slug":"215824","status":"publish","type":"post","link":"https:\/\/nensel-academy.com\/en\/215824\/","title":{"rendered":"Die Nensel Academy hat gleich zwei neue News!"},"content":{"rendered":"<p>[et_pb_section fb_built=&#8221;1&#8243; custom_padding_last_edited=&#8221;on|desktop&#8221; _builder_version=&#8221;3.22.3&#8243; background_color=&#8221;#d6dfe6&#8243; background_size=&#8221;contain&#8221; background_position=&#8221;top_center&#8221; custom_padding_tablet=&#8221;50px|0|50px|0&#8243; custom_padding_phone=&#8221;&#8221; transparent_background=&#8221;off&#8221; padding_mobile=&#8221;off&#8221;][et_pb_row _builder_version=&#8221;3.25&#8243; background_size=&#8221;initial&#8221; background_position=&#8221;top_left&#8221; background_repeat=&#8221;repeat&#8221; custom_padding=&#8221;|||&#8221;][et_pb_column type=&#8221;4_4&#8243; _builder_version=&#8221;3.25&#8243; custom_padding=&#8221;|||&#8221; custom_padding__hover=&#8221;|||&#8221;][\/et_pb_column][\/et_pb_row][et_pb_row padding_mobile=&#8221;on&#8221; column_padding_mobile=&#8221;on&#8221; admin_label=&#8221;row&#8221; module_class=&#8221; et_pb_row_fullwidth&#8221; _builder_version=&#8221;3.25&#8243; background_size=&#8221;initial&#8221; background_position=&#8221;top_left&#8221; background_repeat=&#8221;repeat&#8221; width=&#8221;89%&#8221; width_tablet=&#8221;80%&#8221; width_phone=&#8221;&#8221; width_last_edited=&#8221;on|desktop&#8221; max_width=&#8221;89%&#8221; max_width_tablet=&#8221;80%&#8221; max_width_phone=&#8221;&#8221; max_width_last_edited=&#8221;on|desktop&#8221; custom_padding=&#8221;0px|||&#8221; make_fullwidth=&#8221;on&#8221; column_structure=&#8221;1_4,1_2,1_4&#8243;][et_pb_column type=&#8221;1_4&#8243; module_class=&#8221;hide&#8221; _builder_version=&#8221;3.25&#8243; custom_padding=&#8221;|||&#8221; custom_padding__hover=&#8221;|||&#8221;][et_pb_text _builder_version=&#8221;3.27.4&#8243; text_font=&#8221;NeoSansW02Regular||||||||&#8221; text_text_color=&#8221;#4c6172&#8243; text_font_size=&#8221;8em&#8221; text_line_height=&#8221;1.1em&#8221; header_font=&#8221;||||||||&#8221; background_size=&#8221;initial&#8221; background_position=&#8221;top_left&#8221; background_repeat=&#8221;repeat&#8221; custom_margin=&#8221;||0px|&#8221; text_font_size_tablet=&#8221;5em&#8221; text_font_size_phone=&#8221;&#8221; text_font_size_last_edited=&#8221;on|phone&#8221; use_border_color=&#8221;off&#8221; border_color=&#8221;#ffffff&#8221; border_style=&#8221;solid&#8221;]11<br \/>\n[\/et_pb_text][et_pb_text _builder_version=&#8221;3.27.4&#8243; text_font=&#8221;NeoSansW02Regular||||||||&#8221; text_text_color=&#8221;#4c6172&#8243; text_font_size=&#8221;18&#8243; link_font=&#8221;||||||||&#8221; background_size=&#8221;initial&#8221; background_position=&#8221;top_left&#8221; background_repeat=&#8221;repeat&#8221; custom_margin=&#8221;|||10px&#8221; use_border_color=&#8221;off&#8221; border_color=&#8221;#ffffff&#8221; border_style=&#8221;solid&#8221;]November, 2018<br \/>\n[\/et_pb_text][\/et_pb_column][et_pb_column type=&#8221;1_2&#8243; _builder_version=&#8221;3.25&#8243; custom_padding=&#8221;|||&#8221; custom_padding__hover=&#8221;|||&#8221;][et_pb_text admin_label=&#8221;Titel&#8221; _builder_version=&#8221;3.27.4&#8243; text_font=&#8221;NeoSansW02Regular|||on|||||&#8221; text_text_color=&#8221;#4c6172&#8243; text_font_size=&#8221;32px&#8221; text_line_height=&#8221;1em&#8221; header_font=&#8221;||||||||&#8221; custom_margin=&#8221;20px||20px|&#8221; custom_padding=&#8221;|||&#8221;]<\/p>\n<p>INTERNATIONALES FLAIR ZIEHT EIN<\/p>\n<p>[\/et_pb_text][et_pb_text _builder_version=&#8221;3.27.4&#8243; text_font=&#8221;NeoSansW02Medium||||||||&#8221; text_text_color=&#8221;#4c6172&#8243; text_line_height=&#8221;1.3em&#8221; background_size=&#8221;initial&#8221; background_position=&#8221;top_left&#8221; background_repeat=&#8221;repeat&#8221; max_width=&#8221;620px&#8221; custom_margin=&#8221;|||&#8221; text_font_size_last_edited=&#8221;off|desktop&#8221; use_border_color=&#8221;off&#8221; border_color=&#8221;#ffffff&#8221; border_style=&#8221;solid&#8221;]<\/p>\n<p>Wir begr\u00fc\u00dfen <span style=\"font-family: NeoSansW02Medium; font-weight: normal;\"><a style=\"color: #4c6172; text-decoration: underline;\" href=\"https:\/\/nensel-academy.com\/spielerinnen\/#anchor_yu\">Yu Shan<\/a><\/span>, ein neues Mitglied in unserem jungen Profi-Nachwuchsteam.<\/p>\n<p>[\/et_pb_text][et_pb_text _builder_version=&#8221;3.27.4&#8243; text_font=&#8221;NeoSansW02Regular||||||||&#8221; text_text_color=&#8221;#4c6172&#8243; text_line_height=&#8221;1.3em&#8221; header_font=&#8221;||||||||&#8221; background_size=&#8221;initial&#8221; background_position=&#8221;top_left&#8221; background_repeat=&#8221;repeat&#8221; max_width=&#8221;620px&#8221; custom_margin=&#8221;-15px|||&#8221; text_font_size_tablet=&#8221;&#8221; text_font_size_phone=&#8221;&#8221; text_font_size_last_edited=&#8221;on|tablet&#8221; use_border_color=&#8221;off&#8221; border_color=&#8221;#ffffff&#8221; border_style=&#8221;solid&#8221; inline_fonts=&#8221;NeoSansW02Medium&#8221;]<\/p>\n<p>Haupts\u00e4chlich wird sie von <span style=\"font-family: NeoSansW02Medium; font-weight: normal;\"><a style=\"color: #4c6172; text-decoration: underline;\" href=\"https:\/\/nensel-academy.com\/team\/\">Artjom Agamov<\/a><\/span> betreut. Mit ihren j\u00fcngst in \u00c4gypten erreichten Weltranglistenpunkten kommt die gro\u00dfgewachsene, \u00fcberaus sympathische Chinesin ihren gesteckten Zielen f\u00fcr 2019 bereits n\u00e4her.<\/p>\n<p>In naher Zukunft werden weitere internationale Zug\u00e4nge in allen Bereichen folgen.<\/p>\n<p>[\/et_pb_text][et_pb_text admin_label=&#8221;Titel&#8221; _builder_version=&#8221;3.27.4&#8243; text_font=&#8221;NeoSansW02Regular|||on|||||&#8221; text_text_color=&#8221;#4c6172&#8243; text_font_size=&#8221;32px&#8221; text_line_height=&#8221;1em&#8221; header_font=&#8221;||||||||&#8221; custom_margin=&#8221;20px||20px|&#8221; custom_padding=&#8221;|||&#8221;]<\/p>\n<p>WIR BEGRUESSEN JUNIORCOACH LASSE BROCKMANN<\/p>\n<p>[\/et_pb_text][et_pb_text _builder_version=&#8221;3.27.4&#8243; text_font=&#8221;NeoSansW02Regular||||||||&#8221; text_text_color=&#8221;#4c6172&#8243; text_line_height=&#8221;1.3em&#8221; header_font=&#8221;||||||||&#8221; background_size=&#8221;initial&#8221; background_position=&#8221;top_left&#8221; background_repeat=&#8221;repeat&#8221; max_width=&#8221;620px&#8221; custom_margin=&#8221;|||&#8221; text_font_size_tablet=&#8221;&#8221; text_font_size_phone=&#8221;&#8221; text_font_size_last_edited=&#8221;on|tablet&#8221; use_border_color=&#8221;off&#8221; border_color=&#8221;#ffffff&#8221; border_style=&#8221;solid&#8221; inline_fonts=&#8221;NeoSansW02Medium&#8221;]<\/p>\n<p><span style=\"font-family: NeoSansW02Medium; font-weight: normal;\"><a style=\"color: #4c6172; text-decoration: underline;\" href=\"https:\/\/nensel-academy.com\/team\/\">Lasse<\/a><\/span>, ein sehr talentierter Spieler, der aus gesundheitlichen Gr\u00fcnden den Weg in den Profibereich nicht gehen konnte, absolviert aktuell ein langfristiges Praktikum bei uns. Durch sein spielerisches Potential und die Erfahrungen, die er selbst als Spieler gesammelt hat, bringt er alles mit, um als Trainer eine erfolgreiche Zukunft zu haben.<\/p>\n<p>[\/et_pb_text][et_pb_image src=&#8221;https:\/\/nensel-academy.com\/wp-content\/uploads\/2018\/11\/VickyLasse.jpg&#8221; align_tablet=&#8221;center&#8221; align_phone=&#8221;&#8221; align_last_edited=&#8221;on|desktop&#8221; _builder_version=&#8221;3.23&#8243; animation_style=&#8221;fade&#8221; animation_duration=&#8221;500ms&#8221; use_border_color=&#8221;off&#8221; border_color=&#8221;#ffffff&#8221; border_style=&#8221;solid&#8221; animation=&#8221;fade_in&#8221; sticky=&#8221;on&#8221;][\/et_pb_image][et_pb_social_media_follow _builder_version=&#8221;3.17.6&#8243; custom_margin=&#8221;|||-20px&#8221; border_radii=&#8221;on|19px|19px|19px|19px&#8221; border_width_all=&#8221;1px&#8221; border_color_all=&#8221;#4c6172&#8243;][et_pb_social_media_follow_network social_network=&#8221;facebook&#8221; url=&#8221;https:\/\/www.facebook.com\/nenselacademy\/photos\/a.337234179781992\/1013706015468135\/?type=3&#038;theater&#8221; _builder_version=&#8221;3.17.6&#8243; background_color=&#8221;#4c6172&#8243; follow_button=&#8221;off&#8221; url_new_window=&#8221;on&#8221;]facebook[\/et_pb_social_media_follow_network][et_pb_social_media_follow_network social_network=&#8221;instagram&#8221; url=&#8221;https:\/\/www.instagram.com\/p\/BqDXWctAM4V\/&#8221; _builder_version=&#8221;3.17.6&#8243; background_color=&#8221;#4c6172&#8243; follow_button=&#8221;off&#8221; url_new_window=&#8221;on&#8221;]instagram[\/et_pb_social_media_follow_network][\/et_pb_social_media_follow][\/et_pb_column][et_pb_column type=&#8221;1_4&#8243; _builder_version=&#8221;3.25&#8243; custom_padding=&#8221;|||&#8221; custom_padding__hover=&#8221;|||&#8221;][et_pb_sidebar orientation=&#8221;right&#8221; area=&#8221;sidebar-1&#8243; show_border=&#8221;off&#8221; _builder_version=&#8221;3.0.105&#8243; header_font=&#8221;NeoSansW02Regular|||on|||||&#8221; header_text_color=&#8221;#4c6172&#8243; header_font_size=&#8221;30px&#8221; body_font=&#8221;NeoSansW02Regular||||||||&#8221; body_text_color=&#8221;#4c6172&#8243; body_font_size=&#8221;16px&#8221; body_line_height=&#8221;1em&#8221; background_color=&#8221;rgba(76,97,114,0.1)&#8221; custom_margin=&#8221;|||&#8221; custom_padding=&#8221;25px|25px|25px|25px&#8221; box_shadow_style=&#8221;preset3&#8243; box_shadow_blur=&#8221;8px&#8221; box_shadow_color=&#8221;rgba(0,0,0,0.18)&#8221;][\/et_pb_sidebar][\/et_pb_column][\/et_pb_row][\/et_pb_section][et_pb_section fb_built=&#8221;1&#8243; admin_label=&#8221;FV_ImpressumFooter_Section&#8221; _builder_version=&#8221;3.22.3&#8243; background_color=&#8221;#ffffff&#8221; custom_padding=&#8221;0px|0px|0px|0px&#8221; collapsed=&#8221;on&#8221;][et_pb_row _builder_version=&#8221;3.25&#8243; module_alignment=&#8221;center&#8221; custom_margin=&#8221;|||&#8221; custom_padding=&#8221;17px|0px|10px|0px&#8221;][et_pb_column type=&#8221;4_4&#8243; _builder_version=&#8221;3.25&#8243; custom_padding=&#8221;|||&#8221; custom_padding__hover=&#8221;|||&#8221;][et_pb_text _builder_version=&#8221;3.27.4&#8243; text_font=&#8221;NeoSansW02Regular||||||||&#8221; text_text_color=&#8221;#4c6172&#8243; text_orientation=&#8221;center&#8221; module_alignment=&#8221;center&#8221; custom_css_main_element=&#8221; a:hover{||color:red!important;||}&#8221;]<\/p>\n<p style=\"text-align: center;\">\u00a9 2018 www.sriedel.de | <a style=\"color: #4c6172; text-decoration: underline;\" href=\"..\/impressum\/\">IMPRESSUM<\/a> | <a style=\"color: #4c6172; text-decoration: underline;\" href=\"..\/datenschutz\/\">DATENSCHUTZ<\/a><\/p>\n<p>[\/et_pb_text][\/et_pb_column][\/et_pb_row][\/et_pb_section]<\/p>\n","protected":false},"excerpt":{"rendered":"<p>Wir begr\u00fc\u00dfen Yu Shan, mit ihr zieht internationales Flair ein und Lasse Brockmann, unser neuer Juniorcoach!<\/p>\n","protected":false},"author":1,"featured_media":215831,"comment_status":"open","ping_status":"open","sticky":false,"template":"","format":"standard","meta":{"_et_pb_use_builder":"on","_et_pb_old_content":"","_et_gb_content_width":"","footnotes":""},"categories":[1],"tags":[],"class_list":["post-215824","post","type-post","status-publish","format-standard","has-post-thumbnail","hentry","category-unkategorisiert"],"yoast_head":"<!-- This site is optimized with the Yoast SEO Premium plugin v27.4 (Yoast SEO v27.4) - https:\/\/yoast.com\/product\/yoast-seo-premium-wordpress\/ -->\n<title>Die Nensel Academy hat gleich zwei neue News!<\/title>\n<meta name=\"description\" content=\"Wir begr\u00fc\u00dfen Yu Shan, mit ihr zieht internationales Flair ein und Lasse Brockmann, unser neuer Juniorcoach!\" \/>\n<meta name=\"robots\" content=\"index, follow, max-snippet:-1, max-image-preview:large, max-video-preview:-1\" \/>\n<link rel=\"canonical\" href=\"https:\/\/nensel-academy.com\/en\/215824\/\" \/>\n<meta property=\"og:locale\" content=\"en_US\" \/>\n<meta property=\"og:type\" content=\"article\" \/>\n<meta property=\"og:title\" content=\"Die Nensel Academy hat gleich zwei neue News!\" \/>\n<meta property=\"og:description\" content=\"Wir begr\u00fc\u00dfen Yu Shan, mit ihr zieht internationales Flair ein und Lasse Brockmann, unser neuer Juniorcoach!\" \/>\n<meta property=\"og:url\" content=\"https:\/\/nensel-academy.com\/en\/215824\/\" \/>\n<meta property=\"og:site_name\" content=\"nensel academy\" \/>\n<meta property=\"article:publisher\" content=\"https:\/\/www.facebook.com\/nenselacademy\" \/>\n<meta property=\"article:author\" content=\"https:\/\/www.facebook.com\" \/>\n<meta property=\"article:published_time\" content=\"2018-11-11T11:27:17+00:00\" \/>\n<meta property=\"article:modified_time\" content=\"2020-01-13T18:29:05+00:00\" \/>\n<meta property=\"og:image\" content=\"https:\/\/nensel-academy.com\/wp-content\/uploads\/2018\/11\/VickyLasse.jpg\" \/>\n\t<meta property=\"og:image:width\" content=\"1239\" \/>\n\t<meta property=\"og:image:height\" content=\"868\" \/>\n\t<meta property=\"og:image:type\" content=\"image\/jpeg\" \/>\n<meta name=\"author\" content=\"Stephanie Benkendorf\" \/>\n<meta name=\"twitter:card\" content=\"summary_large_image\" \/>\n<meta name=\"twitter:label1\" content=\"Written by\" \/>\n\t<meta name=\"twitter:data1\" content=\"Stephanie Benkendorf\" \/>\n\t<meta name=\"twitter:label2\" content=\"Est. reading time\" \/>\n\t<meta name=\"twitter:data2\" content=\"5 minutes\" \/>\n<script type=\"application\/ld+json\" class=\"yoast-schema-graph\">{\"@context\":\"https:\\\/\\\/schema.org\",\"@graph\":[{\"@type\":\"Article\",\"@id\":\"https:\\\/\\\/nensel-academy.com\\\/en\\\/215824\\\/#article\",\"isPartOf\":{\"@id\":\"https:\\\/\\\/nensel-academy.com\\\/en\\\/215824\\\/\"},\"author\":{\"name\":\"Stephanie Benkendorf\",\"@id\":\"https:\\\/\\\/nensel-academy.com\\\/en\\\/#\\\/schema\\\/person\\\/d073baa1715c8f735e8eccc8c6f4e235\"},\"headline\":\"Die Nensel Academy hat gleich zwei neue News!\",\"datePublished\":\"2018-11-11T11:27:17+00:00\",\"dateModified\":\"2020-01-13T18:29:05+00:00\",\"mainEntityOfPage\":{\"@id\":\"https:\\\/\\\/nensel-academy.com\\\/en\\\/215824\\\/\"},\"wordCount\":991,\"commentCount\":0,\"publisher\":{\"@id\":\"https:\\\/\\\/nensel-academy.com\\\/en\\\/#organization\"},\"image\":{\"@id\":\"https:\\\/\\\/nensel-academy.com\\\/en\\\/215824\\\/#primaryimage\"},\"thumbnailUrl\":\"https:\\\/\\\/nensel-academy.com\\\/wp-content\\\/uploads\\\/2018\\\/11\\\/VickyLasse.jpg\",\"articleSection\":[\"Unkategorisiert\"],\"inLanguage\":\"en-US\",\"potentialAction\":[{\"@type\":\"CommentAction\",\"name\":\"Comment\",\"target\":[\"https:\\\/\\\/nensel-academy.com\\\/en\\\/215824\\\/#respond\"]}]},{\"@type\":\"WebPage\",\"@id\":\"https:\\\/\\\/nensel-academy.com\\\/en\\\/215824\\\/\",\"url\":\"https:\\\/\\\/nensel-academy.com\\\/en\\\/215824\\\/\",\"name\":\"Die Nensel Academy hat gleich zwei neue News!\",\"isPartOf\":{\"@id\":\"https:\\\/\\\/nensel-academy.com\\\/en\\\/#website\"},\"primaryImageOfPage\":{\"@id\":\"https:\\\/\\\/nensel-academy.com\\\/en\\\/215824\\\/#primaryimage\"},\"image\":{\"@id\":\"https:\\\/\\\/nensel-academy.com\\\/en\\\/215824\\\/#primaryimage\"},\"thumbnailUrl\":\"https:\\\/\\\/nensel-academy.com\\\/wp-content\\\/uploads\\\/2018\\\/11\\\/VickyLasse.jpg\",\"datePublished\":\"2018-11-11T11:27:17+00:00\",\"dateModified\":\"2020-01-13T18:29:05+00:00\",\"description\":\"Wir begr\u00fc\u00dfen Yu Shan, mit ihr zieht internationales Flair ein und Lasse Brockmann, unser neuer Juniorcoach!\",\"breadcrumb\":{\"@id\":\"https:\\\/\\\/nensel-academy.com\\\/en\\\/215824\\\/#breadcrumb\"},\"inLanguage\":\"en-US\",\"potentialAction\":[{\"@type\":\"ReadAction\",\"target\":[\"https:\\\/\\\/nensel-academy.com\\\/en\\\/215824\\\/\"]}]},{\"@type\":\"ImageObject\",\"inLanguage\":\"en-US\",\"@id\":\"https:\\\/\\\/nensel-academy.com\\\/en\\\/215824\\\/#primaryimage\",\"url\":\"https:\\\/\\\/nensel-academy.com\\\/wp-content\\\/uploads\\\/2018\\\/11\\\/VickyLasse.jpg\",\"contentUrl\":\"https:\\\/\\\/nensel-academy.com\\\/wp-content\\\/uploads\\\/2018\\\/11\\\/VickyLasse.jpg\",\"width\":1239,\"height\":868},{\"@type\":\"BreadcrumbList\",\"@id\":\"https:\\\/\\\/nensel-academy.com\\\/en\\\/215824\\\/#breadcrumb\",\"itemListElement\":[{\"@type\":\"ListItem\",\"position\":1,\"name\":\"Startseite\",\"item\":\"https:\\\/\\\/nensel-academy.com\\\/en\\\/\"},{\"@type\":\"ListItem\",\"position\":2,\"name\":\"Die Nensel Academy hat gleich zwei neue News!\"}]},{\"@type\":\"WebSite\",\"@id\":\"https:\\\/\\\/nensel-academy.com\\\/en\\\/#website\",\"url\":\"https:\\\/\\\/nensel-academy.com\\\/en\\\/\",\"name\":\"nensel-academy.com\",\"description\":\"Internationale Tennisakademie\",\"publisher\":{\"@id\":\"https:\\\/\\\/nensel-academy.com\\\/en\\\/#organization\"},\"potentialAction\":[{\"@type\":\"SearchAction\",\"target\":{\"@type\":\"EntryPoint\",\"urlTemplate\":\"https:\\\/\\\/nensel-academy.com\\\/en\\\/?s={search_term_string}\"},\"query-input\":{\"@type\":\"PropertyValueSpecification\",\"valueRequired\":true,\"valueName\":\"search_term_string\"}}],\"inLanguage\":\"en-US\"},{\"@type\":\"Organization\",\"@id\":\"https:\\\/\\\/nensel-academy.com\\\/en\\\/#organization\",\"name\":\"nensel academy Nensel-Riedel GbR\",\"alternateName\":\"nensel academy\",\"url\":\"https:\\\/\\\/nensel-academy.com\\\/en\\\/\",\"logo\":{\"@type\":\"ImageObject\",\"inLanguage\":\"en-US\",\"@id\":\"https:\\\/\\\/nensel-academy.com\\\/en\\\/#\\\/schema\\\/logo\\\/image\\\/\",\"url\":\"https:\\\/\\\/nensel-academy.com\\\/wp-content\\\/uploads\\\/2018\\\/06\\\/Website-Icon.jpg\",\"contentUrl\":\"https:\\\/\\\/nensel-academy.com\\\/wp-content\\\/uploads\\\/2018\\\/06\\\/Website-Icon.jpg\",\"width\":512,\"height\":512,\"caption\":\"nensel academy Nensel-Riedel GbR\"},\"image\":{\"@id\":\"https:\\\/\\\/nensel-academy.com\\\/en\\\/#\\\/schema\\\/logo\\\/image\\\/\"},\"sameAs\":[\"https:\\\/\\\/www.facebook.com\\\/nenselacademy\",\"https:\\\/\\\/www.instagram.com\\\/nensel_tennis_academy\\\/\"]},{\"@type\":\"Person\",\"@id\":\"https:\\\/\\\/nensel-academy.com\\\/en\\\/#\\\/schema\\\/person\\\/d073baa1715c8f735e8eccc8c6f4e235\",\"name\":\"Stephanie Benkendorf\",\"sameAs\":[\"https:\\\/\\\/www.facebook.com\",\"https:\\\/\\\/www.instagram.com\"]}]}<\/script>\n<!-- \/ Yoast SEO Premium plugin. -->","yoast_head_json":{"title":"Die Nensel Academy hat gleich zwei neue News!","description":"Wir begr\u00fc\u00dfen Yu Shan, mit ihr zieht internationales Flair ein und Lasse Brockmann, unser neuer Juniorcoach!","robots":{"index":"index","follow":"follow","max-snippet":"max-snippet:-1","max-image-preview":"max-image-preview:large","max-video-preview":"max-video-preview:-1"},"canonical":"https:\/\/nensel-academy.com\/en\/215824\/","og_locale":"en_US","og_type":"article","og_title":"Die Nensel Academy hat gleich zwei neue News!","og_description":"Wir begr\u00fc\u00dfen Yu Shan, mit ihr zieht internationales Flair ein und Lasse Brockmann, unser neuer Juniorcoach!","og_url":"https:\/\/nensel-academy.com\/en\/215824\/","og_site_name":"nensel academy","article_publisher":"https:\/\/www.facebook.com\/nenselacademy","article_author":"https:\/\/www.facebook.com","article_published_time":"2018-11-11T11:27:17+00:00","article_modified_time":"2020-01-13T18:29:05+00:00","og_image":[{"width":1239,"height":868,"url":"https:\/\/nensel-academy.com\/wp-content\/uploads\/2018\/11\/VickyLasse.jpg","type":"image\/jpeg"}],"author":"Stephanie Benkendorf","twitter_card":"summary_large_image","twitter_misc":{"Written by":"Stephanie Benkendorf","Est. reading time":"5 minutes"},"schema":{"@context":"https:\/\/schema.org","@graph":[{"@type":"Article","@id":"https:\/\/nensel-academy.com\/en\/215824\/#article","isPartOf":{"@id":"https:\/\/nensel-academy.com\/en\/215824\/"},"author":{"name":"Stephanie Benkendorf","@id":"https:\/\/nensel-academy.com\/en\/#\/schema\/person\/d073baa1715c8f735e8eccc8c6f4e235"},"headline":"Die Nensel Academy hat gleich zwei neue News!","datePublished":"2018-11-11T11:27:17+00:00","dateModified":"2020-01-13T18:29:05+00:00","mainEntityOfPage":{"@id":"https:\/\/nensel-academy.com\/en\/215824\/"},"wordCount":991,"commentCount":0,"publisher":{"@id":"https:\/\/nensel-academy.com\/en\/#organization"},"image":{"@id":"https:\/\/nensel-academy.com\/en\/215824\/#primaryimage"},"thumbnailUrl":"https:\/\/nensel-academy.com\/wp-content\/uploads\/2018\/11\/VickyLasse.jpg","articleSection":["Unkategorisiert"],"inLanguage":"en-US","potentialAction":[{"@type":"CommentAction","name":"Comment","target":["https:\/\/nensel-academy.com\/en\/215824\/#respond"]}]},{"@type":"WebPage","@id":"https:\/\/nensel-academy.com\/en\/215824\/","url":"https:\/\/nensel-academy.com\/en\/215824\/","name":"Die Nensel Academy hat gleich zwei neue News!","isPartOf":{"@id":"https:\/\/nensel-academy.com\/en\/#website"},"primaryImageOfPage":{"@id":"https:\/\/nensel-academy.com\/en\/215824\/#primaryimage"},"image":{"@id":"https:\/\/nensel-academy.com\/en\/215824\/#primaryimage"},"thumbnailUrl":"https:\/\/nensel-academy.com\/wp-content\/uploads\/2018\/11\/VickyLasse.jpg","datePublished":"2018-11-11T11:27:17+00:00","dateModified":"2020-01-13T18:29:05+00:00","description":"Wir begr\u00fc\u00dfen Yu Shan, mit ihr zieht internationales Flair ein und Lasse Brockmann, unser neuer Juniorcoach!","breadcrumb":{"@id":"https:\/\/nensel-academy.com\/en\/215824\/#breadcrumb"},"inLanguage":"en-US","potentialAction":[{"@type":"ReadAction","target":["https:\/\/nensel-academy.com\/en\/215824\/"]}]},{"@type":"ImageObject","inLanguage":"en-US","@id":"https:\/\/nensel-academy.com\/en\/215824\/#primaryimage","url":"https:\/\/nensel-academy.com\/wp-content\/uploads\/2018\/11\/VickyLasse.jpg","contentUrl":"https:\/\/nensel-academy.com\/wp-content\/uploads\/2018\/11\/VickyLasse.jpg","width":1239,"height":868},{"@type":"BreadcrumbList","@id":"https:\/\/nensel-academy.com\/en\/215824\/#breadcrumb","itemListElement":[{"@type":"ListItem","position":1,"name":"Startseite","item":"https:\/\/nensel-academy.com\/en\/"},{"@type":"ListItem","position":2,"name":"Die Nensel Academy hat gleich zwei neue News!"}]},{"@type":"WebSite","@id":"https:\/\/nensel-academy.com\/en\/#website","url":"https:\/\/nensel-academy.com\/en\/","name":"nensel-academy.com","description":"Internationale Tennisakademie","publisher":{"@id":"https:\/\/nensel-academy.com\/en\/#organization"},"potentialAction":[{"@type":"SearchAction","target":{"@type":"EntryPoint","urlTemplate":"https:\/\/nensel-academy.com\/en\/?s={search_term_string}"},"query-input":{"@type":"PropertyValueSpecification","valueRequired":true,"valueName":"search_term_string"}}],"inLanguage":"en-US"},{"@type":"Organization","@id":"https:\/\/nensel-academy.com\/en\/#organization","name":"nensel academy Nensel-Riedel GbR","alternateName":"nensel academy","url":"https:\/\/nensel-academy.com\/en\/","logo":{"@type":"ImageObject","inLanguage":"en-US","@id":"https:\/\/nensel-academy.com\/en\/#\/schema\/logo\/image\/","url":"https:\/\/nensel-academy.com\/wp-content\/uploads\/2018\/06\/Website-Icon.jpg","contentUrl":"https:\/\/nensel-academy.com\/wp-content\/uploads\/2018\/06\/Website-Icon.jpg","width":512,"height":512,"caption":"nensel academy Nensel-Riedel GbR"},"image":{"@id":"https:\/\/nensel-academy.com\/en\/#\/schema\/logo\/image\/"},"sameAs":["https:\/\/www.facebook.com\/nenselacademy","https:\/\/www.instagram.com\/nensel_tennis_academy\/"]},{"@type":"Person","@id":"https:\/\/nensel-academy.com\/en\/#\/schema\/person\/d073baa1715c8f735e8eccc8c6f4e235","name":"Stephanie Benkendorf","sameAs":["https:\/\/www.facebook.com","https:\/\/www.instagram.com"]}]}},"_links":{"self":[{"href":"https:\/\/nensel-academy.com\/en\/wp-json\/wp\/v2\/posts\/215824","targetHints":{"allow":["GET"]}}],"collection":[{"href":"https:\/\/nensel-academy.com\/en\/wp-json\/wp\/v2\/posts"}],"about":[{"href":"https:\/\/nensel-academy.com\/en\/wp-json\/wp\/v2\/types\/post"}],"author":[{"embeddable":true,"href":"https:\/\/nensel-academy.com\/en\/wp-json\/wp\/v2\/users\/1"}],"replies":[{"embeddable":true,"href":"https:\/\/nensel-academy.com\/en\/wp-json\/wp\/v2\/comments?post=215824"}],"version-history":[{"count":0,"href":"https:\/\/nensel-academy.com\/en\/wp-json\/wp\/v2\/posts\/215824\/revisions"}],"wp:featuredmedia":[{"embeddable":true,"href":"https:\/\/nensel-academy.com\/en\/wp-json\/wp\/v2\/media\/215831"}],"wp:attachment":[{"href":"https:\/\/nensel-academy.com\/en\/wp-json\/wp\/v2\/media?parent=215824"}],"wp:term":[{"taxonomy":"category","embeddable":true,"href":"https:\/\/nensel-academy.com\/en\/wp-json\/wp\/v2\/categories?post=215824"},{"taxonomy":"post_tag","embeddable":true,"href":"https:\/\/nensel-academy.com\/en\/wp-json\/wp\/v2\/tags?post=215824"}],"curies":[{"name":"wp","href":"https:\/\/api.w.org\/{rel}","templated":true}]}}